{"id":219,"date":"2025-01-22T15:46:00","date_gmt":"2025-01-22T14:46:00","guid":{"rendered":"https:\/\/alegresdonorte.org\/?p=219"},"modified":"2025-02-03T15:49:22","modified_gmt":"2025-02-03T14:49:22","slug":"week-end-15-16-fevrier-2025","status":"publish","type":"post","link":"https:\/\/alegresdonorte.org\/index.php\/2025\/01\/22\/week-end-15-16-fevrier-2025\/","title":{"rendered":"31 ANS Alegres do Norte 15 &amp;16 fevrier 2025"},"content":{"rendered":"\n<figure class=\"wp-block-image size-large\"><img data-recalc-dims=\"1\" loading=\"lazy\" decoding=\"async\" width=\"724\" height=\"1024\" data-attachment-id=\"220\" data-permalink=\"https:\/\/alegresdonorte.org\/index.php\/2025\/01\/22\/week-end-15-16-fevrier-2025\/15-16-02-2025\/\" data-orig-file=\"https:\/\/i0.wp.com\/alegresdonorte.org\/wp-content\/uploads\/2025\/02\/15.16.02.2025.jpg?fit=1131%2C1600&amp;ssl=1\" data-orig-size=\"1131,1600\" data-comments-opened=\"1\" data-image-meta=\"{&quot;aperture&quot;:&quot;0&quot;,&quot;credit&quot;:&quot;&quot;,&quot;camera&quot;:&quot;&quot;,&quot;caption&quot;:&quot;&quot;,&quot;created_timestamp&quot;:&quot;0&quot;,&quot;copyright&quot;:&quot;&quot;,&quot;focal_length&quot;:&quot;0&quot;,&quot;iso&quot;:&quot;0&quot;,&quot;shutter_speed&quot;:&quot;0&quot;,&quot;title&quot;:&quot;&quot;,&quot;orientation&quot;:&quot;0&quot;}\" data-image-title=\"15.16.02.2025\" data-image-description=\"\" data-image-caption=\"\" data-medium-file=\"https:\/\/i0.wp.com\/alegresdonorte.org\/wp-content\/uploads\/2025\/02\/15.16.02.2025.jpg?fit=212%2C300&amp;ssl=1\" data-large-file=\"https:\/\/i0.wp.com\/alegresdonorte.org\/wp-content\/uploads\/2025\/02\/15.16.02.2025.jpg?fit=724%2C1024&amp;ssl=1\" src=\"https:\/\/i0.wp.com\/alegresdonorte.org\/wp-content\/uploads\/2025\/02\/15.16.02.2025-724x1024.jpg?resize=724%2C1024&#038;ssl=1\" alt=\"\" class=\"wp-image-220\" srcset=\"https:\/\/i0.wp.com\/alegresdonorte.org\/wp-content\/uploads\/2025\/02\/15.16.02.2025.jpg?resize=724%2C1024&amp;ssl=1 724w, https:\/\/i0.wp.com\/alegresdonorte.org\/wp-content\/uploads\/2025\/02\/15.16.02.2025.jpg?resize=212%2C300&amp;ssl=1 212w, https:\/\/i0.wp.com\/alegresdonorte.org\/wp-content\/uploads\/2025\/02\/15.16.02.2025.jpg?resize=768%2C1086&amp;ssl=1 768w, https:\/\/i0.wp.com\/alegresdonorte.org\/wp-content\/uploads\/2025\/02\/15.16.02.2025.jpg?resize=1086%2C1536&amp;ssl=1 1086w, https:\/\/i0.wp.com\/alegresdonorte.org\/wp-content\/uploads\/2025\/02\/15.16.02.2025.jpg?w=1131&amp;ssl=1 1131w\" sizes=\"auto, (max-width: 724px) 100vw, 724px\" \/><\/figure>\n\n\n\n<p><a href=\"https:\/\/fb.me\/e\/4AOdhXhzN\">https:\/\/fb.me\/e\/4AOdhXhzN<\/a><\/p>\n\n\n\n<p><img loading=\"lazy\" decoding=\"async\" height=\"16\" width=\"16\" alt=\"\ud83c\udf89\" src=\"https:\/\/static.xx.fbcdn.net\/images\/emoji.php\/v9\/t8c\/1\/16\/1f389.png\">&nbsp;31 Ans Alegres do Norte !&nbsp;<img loading=\"lazy\" decoding=\"async\" height=\"16\" width=\"16\" alt=\"\ud83c\uddf5\ud83c\uddf9\" src=\"https:\/\/static.xx.fbcdn.net\/images\/emoji.php\/v9\/te8\/1\/16\/1f1f5_1f1f9.png\"><br><img loading=\"lazy\" decoding=\"async\" height=\"16\" width=\"16\" alt=\"\ud83d\udcc5\" src=\"https:\/\/static.xx.fbcdn.net\/images\/emoji.php\/v9\/t7e\/1\/16\/1f4c5.png\">&nbsp;Rendez-vous les 15 et 16 f\u00e9vrier \u00e0 Ivry-sur-Seine pour un week-end inoubliable de f\u00eate et de culture portugaise \u00e0 l\u2019Espace Robespierre !<\/p>\n\n\n\n<p><img loading=\"lazy\" decoding=\"async\" height=\"16\" width=\"16\" alt=\"\ud83c\udfb6\" src=\"https:\/\/static.xx.fbcdn.net\/images\/emoji.php\/v9\/t1f\/1\/16\/1f3b6.png\">&nbsp;Samedi 15 f\u00e9vrier :<br>\u2022 20h : Soir\u00e9e dansante avec Carlos Pires et sa banda (entr\u00e9e gratuite)<br>\u2022 Menu : Vitela (entr\u00e9e, plat, dessert et caf\u00e9) &#8211; 30\u20ac<\/p>\n\n\n\n<p><img loading=\"lazy\" decoding=\"async\" height=\"16\" width=\"16\" alt=\"\ud83c\udf1f\" src=\"https:\/\/static.xx.fbcdn.net\/images\/emoji.php\/v9\/te0\/1\/16\/1f31f.png\">&nbsp;Dimanche 16 f\u00e9vrier :<br>\u2022 12h : D\u00e9jeuner avec un d\u00e9licieux menu : Arroz de feij\u00e3o com panado\/pataniscas (entr\u00e9e, plat, dessert et caf\u00e9) &#8211; 20\u20ac<br>\u2022 14h : Festival folklorique avec des groupes comme Arc en Ciel, Meu Pa\u00eds, Casa dos Arcos, et bien d\u2019autres !<\/p>\n\n\n\n<p><img loading=\"lazy\" decoding=\"async\" height=\"16\" width=\"16\" alt=\"\ud83d\udccd\" src=\"https:\/\/static.xx.fbcdn.net\/images\/emoji.php\/v9\/t2d\/1\/16\/1f4cd.png\">&nbsp;Lieu : Espace Robespierre, 2 rue Robespierre, 94200 Ivry-sur-Seine<br><img loading=\"lazy\" decoding=\"async\" height=\"16\" width=\"16\" alt=\"\ud83d\udcde\" src=\"https:\/\/static.xx.fbcdn.net\/images\/emoji.php\/v9\/t4d\/1\/16\/1f4de.png\">&nbsp;R\u00e9servations : 06.69.22.56.62<\/p>\n\n\n\n<p>Venez nombreux c\u00e9l\u00e9brer avec nous !&nbsp;<img loading=\"lazy\" decoding=\"async\" height=\"16\" width=\"16\" alt=\"\ud83c\udf8a\" src=\"https:\/\/static.xx.fbcdn.net\/images\/emoji.php\/v9\/tb4\/1\/16\/1f38a.png\"><\/p>\n\n\n\n<p><a href=\"https:\/\/www.facebook.com\/hashtag\/portugaisdefrance?__eep__=6&amp;__cft__[0]=AZXoJZj3kg_Y-1zuwjzmoZvuosGtTPTuzRvykv3r4iQ8F1vuDzlnP1Ar8sGg6956gCIOxKVG6vh_9QJ7IMzuuFRlk-g4IJB6bOlNXhgXY0dkM9m69UizNaY3sovAKYuOHrl2fAa0zRB-mTB79Wir9iPO&amp;__tn__=q\">#PortugaisDeFrance<\/a>&nbsp;<a href=\"https:\/\/www.facebook.com\/hashtag\/cultureportugaise?__eep__=6&amp;__cft__[0]=AZXoJZj3kg_Y-1zuwjzmoZvuosGtTPTuzRvykv3r4iQ8F1vuDzlnP1Ar8sGg6956gCIOxKVG6vh_9QJ7IMzuuFRlk-g4IJB6bOlNXhgXY0dkM9m69UizNaY3sovAKYuOHrl2fAa0zRB-mTB79Wir9iPO&amp;__tn__=q\">#CulturePortugaise<\/a>&nbsp;<a href=\"https:\/\/www.facebook.com\/hashtag\/ivrysurseine?__eep__=6&amp;__cft__[0]=AZXoJZj3kg_Y-1zuwjzmoZvuosGtTPTuzRvykv3r4iQ8F1vuDzlnP1Ar8sGg6956gCIOxKVG6vh_9QJ7IMzuuFRlk-g4IJB6bOlNXhgXY0dkM9m69UizNaY3sovAKYuOHrl2fAa0zRB-mTB79Wir9iPO&amp;__tn__=q\">#IvrySurSeine<\/a>&nbsp;<a href=\"https:\/\/www.facebook.com\/hashtag\/carlospires?__eep__=6&amp;__cft__[0]=AZXoJZj3kg_Y-1zuwjzmoZvuosGtTPTuzRvykv3r4iQ8F1vuDzlnP1Ar8sGg6956gCIOxKVG6vh_9QJ7IMzuuFRlk-g4IJB6bOlNXhgXY0dkM9m69UizNaY3sovAKYuOHrl2fAa0zRB-mTB79Wir9iPO&amp;__tn__=q\">#CarlosPires<\/a>&nbsp;<a href=\"https:\/\/www.facebook.com\/hashtag\/alegresdonorte?__eep__=6&amp;__cft__[0]=AZXoJZj3kg_Y-1zuwjzmoZvuosGtTPTuzRvykv3r4iQ8F1vuDzlnP1Ar8sGg6956gCIOxKVG6vh_9QJ7IMzuuFRlk-g4IJB6bOlNXhgXY0dkM9m69UizNaY3sovAKYuOHrl2fAa0zRB-mTB79Wir9iPO&amp;__tn__=q\">#AlegresDoNorte<\/a>&nbsp;<a href=\"https:\/\/www.facebook.com\/hashtag\/soir%C3%A9edansante?__eep__=6&amp;__cft__[0]=AZXoJZj3kg_Y-1zuwjzmoZvuosGtTPTuzRvykv3r4iQ8F1vuDzlnP1Ar8sGg6956gCIOxKVG6vh_9QJ7IMzuuFRlk-g4IJB6bOlNXhgXY0dkM9m69UizNaY3sovAKYuOHrl2fAa0zRB-mTB79Wir9iPO&amp;__tn__=q\">#Soir\u00e9eDansante<\/a>&nbsp;<a href=\"https:\/\/www.facebook.com\/hashtag\/folkloreportugais?__eep__=6&amp;__cft__[0]=AZXoJZj3kg_Y-1zuwjzmoZvuosGtTPTuzRvykv3r4iQ8F1vuDzlnP1Ar8sGg6956gCIOxKVG6vh_9QJ7IMzuuFRlk-g4IJB6bOlNXhgXY0dkM9m69UizNaY3sovAKYuOHrl2fAa0zRB-mTB79Wir9iPO&amp;__tn__=q\">#FolklorePortugais<\/a>&nbsp;<a href=\"https:\/\/www.facebook.com\/hashtag\/f%C3%AAtetraditionnelle?__eep__=6&amp;__cft__[0]=AZXoJZj3kg_Y-1zuwjzmoZvuosGtTPTuzRvykv3r4iQ8F1vuDzlnP1Ar8sGg6956gCIOxKVG6vh_9QJ7IMzuuFRlk-g4IJB6bOlNXhgXY0dkM9m69UizNaY3sovAKYuOHrl2fAa0zRB-mTB79Wir9iPO&amp;__tn__=q\">#F\u00eateTraditionnelle<\/a>&nbsp;<a href=\"https:\/\/www.facebook.com\/hashtag\/cuisineportugaise?__eep__=6&amp;__cft__[0]=AZXoJZj3kg_Y-1zuwjzmoZvuosGtTPTuzRvykv3r4iQ8F1vuDzlnP1Ar8sGg6956gCIOxKVG6vh_9QJ7IMzuuFRlk-g4IJB6bOlNXhgXY0dkM9m69UizNaY3sovAKYuOHrl2fAa0zRB-mTB79Wir9iPO&amp;__tn__=q\">#CuisinePortugaise<\/a><br><a href=\"https:\/\/www.facebook.com\/hashtag\/portugal?__eep__=6&amp;__cft__[0]=AZXoJZj3kg_Y-1zuwjzmoZvuosGtTPTuzRvykv3r4iQ8F1vuDzlnP1Ar8sGg6956gCIOxKVG6vh_9QJ7IMzuuFRlk-g4IJB6bOlNXhgXY0dkM9m69UizNaY3sovAKYuOHrl2fAa0zRB-mTB79Wir9iPO&amp;__tn__=q\">#Portugal<\/a><\/p>\n\n\n\n<p>Carlos Manuel Pires<br>Rancho Folclorico Arc En Ciel D&#8217; Alfortville<br>Rancho Casa Dos Arcos<br>Grupo Folclorico &#8220;Meu Pais&#8221; de Maisons-Alfort<br>Estrelas Do Mar<br>Raizes De Portugal Silva<\/p>\n","protected":false},"excerpt":{"rendered":"<p>https:\/\/fb.me\/e\/4AOdhXhzN &nbsp;31 Ans Alegres do Norte !&nbsp;&nbsp;Rendez-vous les 15 et 16 f\u00e9vrier \u00e0 Ivry-sur-Seine pour un week-end inoubliable de f\u00eate et de culture portugaise \u00e0 l\u2019Espace Robespierre ! &nbsp;Samedi 15 f\u00e9vrier :\u2022 20h : Soir\u00e9e dansante avec Carlos Pires et sa banda (entr\u00e9e gratuite)\u2022 Menu : Vitela (entr\u00e9e, plat, dessert et caf\u00e9) &#8211; 30\u20ac &nbsp;Dimanche [&hellip;]<\/p>\n","protected":false},"author":1,"featured_media":0,"comment_status":"open","ping_status":"open","sticky":false,"template":"","format":"standard","meta":{"advanced_seo_description":"","jetpack_seo_html_title":"","jetpack_seo_noindex":false,"jetpack_post_was_ever_published":false,"_jetpack_newsletter_access":"","_jetpack_dont_email_post_to_subs":true,"_jetpack_newsletter_tier_id":0,"_jetpack_memberships_contains_paywalled_content":false,"_jetpack_memberships_contains_paid_content":false,"footnotes":""},"categories":[5,22],"tags":[6,23,19,20,21,16],"class_list":["post-219","post","type-post","status-publish","format-standard","hentry","category-association","category-evenement","tag-alegresdonorte","tag-anniversaire","tag-evenement","tag-festival-folklorique","tag-folklore","tag-ivry"],"jetpack_featured_media_url":"","jetpack_sharing_enabled":true,"_links":{"self":[{"href":"https:\/\/alegresdonorte.org\/index.php\/wp-json\/wp\/v2\/posts\/219","targetHints":{"allow":["GET"]}}],"collection":[{"href":"https:\/\/alegresdonorte.org\/index.php\/wp-json\/wp\/v2\/posts"}],"about":[{"href":"https:\/\/alegresdonorte.org\/index.php\/wp-json\/wp\/v2\/types\/post"}],"author":[{"embeddable":true,"href":"https:\/\/alegresdonorte.org\/index.php\/wp-json\/wp\/v2\/users\/1"}],"replies":[{"embeddable":true,"href":"https:\/\/alegresdonorte.org\/index.php\/wp-json\/wp\/v2\/comments?post=219"}],"version-history":[{"count":3,"href":"https:\/\/alegresdonorte.org\/index.php\/wp-json\/wp\/v2\/posts\/219\/revisions"}],"predecessor-version":[{"id":223,"href":"https:\/\/alegresdonorte.org\/index.php\/wp-json\/wp\/v2\/posts\/219\/revisions\/223"}],"wp:attachment":[{"href":"https:\/\/alegresdonorte.org\/index.php\/wp-json\/wp\/v2\/media?parent=219"}],"wp:term":[{"taxonomy":"category","embeddable":true,"href":"https:\/\/alegresdonorte.org\/index.php\/wp-json\/wp\/v2\/categories?post=219"},{"taxonomy":"post_tag","embeddable":true,"href":"https:\/\/alegresdonorte.org\/index.php\/wp-json\/wp\/v2\/tags?post=219"}],"curies":[{"name":"wp","href":"https:\/\/api.w.org\/{rel}","templated":true}]}}