{"id":195,"date":"2024-11-27T21:00:00","date_gmt":"2024-11-27T20:00:00","guid":{"rendered":"https:\/\/alegresdonorte.org\/?p=195"},"modified":"2024-12-04T14:02:38","modified_gmt":"2024-12-04T13:02:38","slug":"journee-a-la-ferme","status":"publish","type":"post","link":"https:\/\/alegresdonorte.org\/index.php\/2024\/11\/27\/journee-a-la-ferme\/","title":{"rendered":"Journ\u00e9e \u00e0 la ferme"},"content":{"rendered":"\n<figure class=\"wp-block-image size-full\"><img data-recalc-dims=\"1\" loading=\"lazy\" decoding=\"async\" width=\"509\" height=\"720\" data-attachment-id=\"196\" data-permalink=\"https:\/\/alegresdonorte.org\/index.php\/2024\/11\/27\/journee-a-la-ferme\/sortie-a-la-ferme\/\" data-orig-file=\"https:\/\/i0.wp.com\/alegresdonorte.org\/wp-content\/uploads\/2024\/12\/Sortie-a-la-ferme.jpg?fit=509%2C720&amp;ssl=1\" data-orig-size=\"509,720\" data-comments-opened=\"1\" data-image-meta=\"{&quot;aperture&quot;:&quot;0&quot;,&quot;credit&quot;:&quot;pereirarodrigueskevin&quot;,&quot;camera&quot;:&quot;&quot;,&quot;caption&quot;:&quot;&quot;,&quot;created_timestamp&quot;:&quot;0&quot;,&quot;copyright&quot;:&quot;&quot;,&quot;focal_length&quot;:&quot;0&quot;,&quot;iso&quot;:&quot;0&quot;,&quot;shutter_speed&quot;:&quot;0&quot;,&quot;title&quot;:&quot;&quot;,&quot;orientation&quot;:&quot;0&quot;}\" data-image-title=\"Sortie a la ferme.\" data-image-description=\"\" data-image-caption=\"\" data-medium-file=\"https:\/\/i0.wp.com\/alegresdonorte.org\/wp-content\/uploads\/2024\/12\/Sortie-a-la-ferme.jpg?fit=212%2C300&amp;ssl=1\" data-large-file=\"https:\/\/i0.wp.com\/alegresdonorte.org\/wp-content\/uploads\/2024\/12\/Sortie-a-la-ferme.jpg?fit=509%2C720&amp;ssl=1\" src=\"https:\/\/i0.wp.com\/alegresdonorte.org\/wp-content\/uploads\/2024\/12\/Sortie-a-la-ferme.jpg?resize=509%2C720&#038;ssl=1\" alt=\"\" class=\"wp-image-196\" srcset=\"https:\/\/i0.wp.com\/alegresdonorte.org\/wp-content\/uploads\/2024\/12\/Sortie-a-la-ferme.jpg?w=509&amp;ssl=1 509w, https:\/\/i0.wp.com\/alegresdonorte.org\/wp-content\/uploads\/2024\/12\/Sortie-a-la-ferme.jpg?resize=212%2C300&amp;ssl=1 212w\" sizes=\"auto, (max-width: 509px) 100vw, 509px\" \/><\/figure>\n\n\n\n<p>Journ\u00e9e \u00e0 la ferme&nbsp;<\/p>\n\n\n\n<figure class=\"wp-block-image\"><img decoding=\"async\" src=\"https:\/\/static.xx.fbcdn.net\/images\/emoji.php\/v9\/tf1\/1\/16\/1f416.png\" alt=\"\ud83d\udc16\"\/><\/figure>\n\n\n\n<p>Le dimanche 9 f\u00e9vrier, nous organisons une sortie \u00e0 la Ferme de Lorris, situ\u00e9e \u00e0 1h30 de Paris !<\/p>\n\n\n\n<p>Au programme : un d\u00e9licieux d\u00e9jeuner autour d\u2019un cochon r\u00f4ti, accompagn\u00e9 d\u2019une animation sp\u00e9ciale lors de sa sortie du four.&nbsp;<\/p>\n\n\n\n<figure class=\"wp-block-image\"><img decoding=\"async\" src=\"https:\/\/static.xx.fbcdn.net\/images\/emoji.php\/v9\/t68\/1\/16\/1f374.png\" alt=\"\ud83c\udf74\"\/><\/figure>\n\n\n\n<p>Le d\u00e9part se fera d\u2019Ivry, depuis notre local, \u00e0 10h.<br>Tarifs : 75 \u20ac pour nos adh\u00e9rents et 90 \u20ac pour les non-adh\u00e9rents.<\/p>\n\n\n\n<p>R\u00e9servation obligatoire au 06.69.22.56.62&nbsp;<\/p>\n\n\n\n<figure class=\"wp-block-image\"><img decoding=\"async\" src=\"https:\/\/static.xx.fbcdn.net\/images\/emoji.php\/v9\/t4d\/1\/16\/1f4de.png\" alt=\"\ud83d\udcde\"\/><\/figure>\n\n\n\n<figure class=\"wp-block-image\"><img decoding=\"async\" src=\"https:\/\/static.xx.fbcdn.net\/images\/emoji.php\/v9\/te8\/1\/16\/1f1f5_1f1f9.png\" alt=\"\ud83c\uddf5\ud83c\uddf9\"\/><\/figure>\n\n\n\n<p>&nbsp;Dia na Quinta&nbsp;<\/p>\n\n\n\n<figure class=\"wp-block-image\"><img decoding=\"async\" src=\"https:\/\/static.xx.fbcdn.net\/images\/emoji.php\/v9\/tf1\/1\/16\/1f416.png\" alt=\"\ud83d\udc16\"\/><\/figure>\n\n\n\n<p>No domingo, 9 de fevereiro, vamos organizar uma sa\u00edda para a Quinta de Lorris, localizada a 1h30 de Paris!<\/p>\n\n\n\n<p>Durante este dia, ir\u00e3o almo\u00e7ar porco assado com uma anima\u00e7\u00e3o especial com a sa\u00edda do porco do forno&nbsp;<\/p>\n\n\n\n<figure class=\"wp-block-image\"><img decoding=\"async\" src=\"https:\/\/static.xx.fbcdn.net\/images\/emoji.php\/v9\/t68\/1\/16\/1f374.png\" alt=\"\ud83c\udf74\"\/><\/figure>\n\n\n\n<p>A partida ser\u00e1 de Ivry, a partir das nossa sede, \u00e0s 10h. O custo \u00e9 de 75\u20ac para os nossos socios e 90\u20ac para os n\u00e3o socios !<\/p>\n\n\n\n<p>Reservas obrigat\u00f3rias pelo n\u00famero: 06.69.22.56.62<\/p>\n","protected":false},"excerpt":{"rendered":"<p>Journ\u00e9e \u00e0 la ferme&nbsp; Le dimanche 9 f\u00e9vrier, nous organisons une sortie \u00e0 la Ferme de Lorris, situ\u00e9e \u00e0 1h30 de Paris ! Au programme : un d\u00e9licieux d\u00e9jeuner autour d\u2019un cochon r\u00f4ti, accompagn\u00e9 d\u2019une animation sp\u00e9ciale lors de sa sortie du four.&nbsp; Le d\u00e9part se fera d\u2019Ivry, depuis notre local, \u00e0 10h.Tarifs : 75 [&hellip;]<\/p>\n","protected":false},"author":1,"featured_media":0,"comment_status":"closed","ping_status":"open","sticky":false,"template":"","format":"standard","meta":{"advanced_seo_description":"","jetpack_seo_html_title":"","jetpack_seo_noindex":false,"jetpack_post_was_ever_published":false,"_jetpack_newsletter_access":"","_jetpack_dont_email_post_to_subs":false,"_jetpack_newsletter_tier_id":0,"_jetpack_memberships_contains_paywalled_content":false,"_jetpack_memberships_contains_paid_content":false,"footnotes":""},"categories":[5],"tags":[6],"class_list":["post-195","post","type-post","status-publish","format-standard","hentry","category-association","tag-alegresdonorte"],"jetpack_featured_media_url":"","jetpack_sharing_enabled":true,"_links":{"self":[{"href":"https:\/\/alegresdonorte.org\/index.php\/wp-json\/wp\/v2\/posts\/195","targetHints":{"allow":["GET"]}}],"collection":[{"href":"https:\/\/alegresdonorte.org\/index.php\/wp-json\/wp\/v2\/posts"}],"about":[{"href":"https:\/\/alegresdonorte.org\/index.php\/wp-json\/wp\/v2\/types\/post"}],"author":[{"embeddable":true,"href":"https:\/\/alegresdonorte.org\/index.php\/wp-json\/wp\/v2\/users\/1"}],"replies":[{"embeddable":true,"href":"https:\/\/alegresdonorte.org\/index.php\/wp-json\/wp\/v2\/comments?post=195"}],"version-history":[{"count":2,"href":"https:\/\/alegresdonorte.org\/index.php\/wp-json\/wp\/v2\/posts\/195\/revisions"}],"predecessor-version":[{"id":198,"href":"https:\/\/alegresdonorte.org\/index.php\/wp-json\/wp\/v2\/posts\/195\/revisions\/198"}],"wp:attachment":[{"href":"https:\/\/alegresdonorte.org\/index.php\/wp-json\/wp\/v2\/media?parent=195"}],"wp:term":[{"taxonomy":"category","embeddable":true,"href":"https:\/\/alegresdonorte.org\/index.php\/wp-json\/wp\/v2\/categories?post=195"},{"taxonomy":"post_tag","embeddable":true,"href":"https:\/\/alegresdonorte.org\/index.php\/wp-json\/wp\/v2\/tags?post=195"}],"curies":[{"name":"wp","href":"https:\/\/api.w.org\/{rel}","templated":true}]}}